{"id":11530,"date":"2025-03-28T17:03:51","date_gmt":"2025-03-28T17:03:51","guid":{"rendered":"https:\/\/develop.wp.eggo.agifly.cloud\/?p=11530"},"modified":"2025-05-19T08:42:08","modified_gmt":"2025-05-19T08:42:08","slug":"comment-prolonger-la-duree-de-vie-de-vos-appareils-electromenagers","status":"publish","type":"post","link":"https:\/\/develop.wp.eggo.agifly.cloud\/fr\/blog\/comment-prolonger-la-duree-de-vie-de-vos-appareils-electromenagers\/","title":{"rendered":"Comment prolonger la dur\u00e9e de vie de vos appareils \u00e9lectrom\u00e9nagers\u00a0?"},"content":{"rendered":"\t\t<div data-elementor-type=\"wp-post\" data-elementor-id=\"11530\" class=\"elementor elementor-11530\" data-elementor-post-type=\"post\">\n\t\t\t\t<div class=\"elementor-element elementor-element-bd8e2cf e-flex e-con-boxed e-con e-parent\" data-id=\"bd8e2cf\" data-element_type=\"container\" data-e-type=\"container\">\n\t\t\t\t\t<div class=\"e-con-inner\">\n\t\t<div class=\"elementor-element elementor-element-11055a5 e-con-full e-flex e-con e-child\" data-id=\"11055a5\" data-element_type=\"container\" data-e-type=\"container\">\n\t\t\t\t<div class=\"elementor-element elementor-element-3c90692 elementor-widget elementor-widget-theme-post-title elementor-page-title elementor-widget-heading\" data-id=\"3c90692\" data-element_type=\"widget\" data-e-type=\"widget\" data-widget_type=\"theme-post-title.default\">\n\t\t\t\t<div class=\"elementor-widget-container\">\n\t\t\t\t\t<h1 class=\"elementor-heading-title elementor-size-default\">Comment prolonger la dur\u00e9e de vie de vos appareils \u00e9lectrom\u00e9nagers\u00a0?<\/h1>\t\t\t\t<\/div>\n\t\t\t\t<\/div>\n\t\t\t\t<div class=\"elementor-element elementor-element-235c2e1 elementor-widget elementor-widget-theme-post-excerpt\" data-id=\"235c2e1\" data-element_type=\"widget\" data-e-type=\"widget\" data-widget_type=\"theme-post-excerpt.default\">\n\t\t\t\t<div class=\"elementor-widget-container\">\n\t\t\t\t\tAu quotidien, nous sommes tous <strong>d\u00e9pendants de nos appareils \u00e9lectrom\u00e9nagers<\/strong>. Ils sont <strong>indispensables<\/strong> pour notre confort de vie. Mais comment prolonger la long\u00e9vit\u00e9 de ces \u00e9quipements\u00a0? Chez \u00e8ggo, nos conseillers s\u2019engagent \u00e0 offrir non seulement des cuisines et des placards de qualit\u00e9 mais \u00e9galement \u00e0 partager leur expertise sur les <a href=\"\/cuisines\/electromenager\/\">\u00e9lectrom\u00e9nagers<\/a>.\n\n\u00a0<br><br>\n\nC\u2019est pourquoi, nous allons parcourir ensemble les trucs et astuces simples pour am\u00e9liorer la dur\u00e9e de vie de votre \u00e9lectrom\u00e9nager. <strong>Pour un comportement plus <a href=\"\/a-propos\/eggo-life\/\">durable<\/a> et une \u00e9conomie sur votre facture d\u2019\u00e9lectricit\u00e9.<\/strong>\t\t\t\t<\/div>\n\t\t\t\t<\/div>\n\t\t\t\t<\/div>\n\t\t<div class=\"elementor-element elementor-element-c8b1fba e-con-full e-flex e-con e-child\" data-id=\"c8b1fba\" data-element_type=\"container\" data-e-type=\"container\" data-settings=\"{&quot;background_background&quot;:&quot;classic&quot;}\">\n\t\t\t\t<\/div>\n\t\t\t\t\t<\/div>\n\t\t\t\t<\/div>\n\t\t<div class=\"elementor-element elementor-element-d74deb7 e-flex e-con-boxed e-con e-parent\" data-id=\"d74deb7\" data-element_type=\"container\" data-e-type=\"container\" data-settings=\"{&quot;background_background&quot;:&quot;classic&quot;}\">\n\t\t\t\t\t<div class=\"e-con-inner\">\n\t\t<div class=\"elementor-element elementor-element-65a2ca6 e-flex e-con-boxed e-con e-child\" data-id=\"65a2ca6\" data-element_type=\"container\" data-e-type=\"container\">\n\t\t\t\t\t<div class=\"e-con-inner\">\n\t\t\t\t<div class=\"elementor-element elementor-element-366d5d0 elementor-widget elementor-widget-heading\" data-id=\"366d5d0\" data-element_type=\"widget\" data-e-type=\"widget\" data-widget_type=\"heading.default\">\n\t\t\t\t<div class=\"elementor-widget-container\">\n\t\t\t\t\t<h2 class=\"elementor-heading-title elementor-size-default\">Maximisez la durabilit\u00e9 de votre frigo encastrable<\/h2>\t\t\t\t<\/div>\n\t\t\t\t<\/div>\n\t\t\t\t<div class=\"elementor-element elementor-element-01edc6a elementor-widget elementor-widget-text-editor\" data-id=\"01edc6a\" data-element_type=\"widget\" data-e-type=\"widget\" data-widget_type=\"text-editor.default\">\n\t\t\t\t<div class=\"elementor-widget-container\">\n\t\t\t\t\t\t\t\t\t<p>Le r\u00e9frig\u00e9rateur est sans doute <a href=\"\/cuisines\/electromenager\/\">l\u2019appareil \u00e9lectrom\u00e9nager<\/a> le plus sollicit\u00e9 dans votre cuisine. Ce gardien du frais, en activit\u00e9 constante, pr\u00e9serve la qualit\u00e9 de vos aliments. Avec quelques astuces simples, vous pouvez aider votre frigo \u00e0 fonctionner efficacement et lui assurer ainsi une longue dur\u00e9e de vie.<\/p>\t\t\t\t\t\t\t\t<\/div>\n\t\t\t\t<\/div>\n\t\t\t\t\t<\/div>\n\t\t\t\t<\/div>\n\t\t<div class=\"elementor-element elementor-element-6fb33eb e-con-full e-flex e-con e-child\" data-id=\"6fb33eb\" data-element_type=\"container\" data-e-type=\"container\">\n\t\t<div class=\"elementor-element elementor-element-7978662 e-con-full e-flex e-con e-child\" data-id=\"7978662\" data-element_type=\"container\" data-e-type=\"container\">\n\t\t<div class=\"elementor-element elementor-element-d485718 e-con-full e-flex e-con e-child\" data-id=\"d485718\" data-element_type=\"container\" data-e-type=\"container\">\n\t\t\t\t<div class=\"elementor-element elementor-element-98d1bc6 elementor-widget elementor-widget-image\" data-id=\"98d1bc6\" data-element_type=\"widget\" data-e-type=\"widget\" data-widget_type=\"image.default\">\n\t\t\t\t<div class=\"elementor-widget-container\">\n\t\t\t\t\t\t\t\t\t\t\t\t\t\t\t<img fetchpriority=\"high\" decoding=\"async\" width=\"481\" height=\"384\" src=\"https:\/\/develop.wp.eggo.agifly.cloud\/wp-content\/uploads\/2025\/03\/Rectangle-379-4-1.webp\" class=\"attachment-large size-large wp-image-16172\" alt=\"Cuisine moderne avec des armoires noires, un \u00eelot central en bois, des chaises noires et des luminaires suspendus.\" srcset=\"https:\/\/develop.wp.eggo.agifly.cloud\/wp-content\/uploads\/2025\/03\/Rectangle-379-4-1.webp 481w, https:\/\/develop.wp.eggo.agifly.cloud\/wp-content\/uploads\/2025\/03\/Rectangle-379-4-1-300x240.webp 300w\" sizes=\"(max-width: 481px) 100vw, 481px\" \/>\t\t\t\t\t\t\t\t\t\t\t\t\t\t\t<\/div>\n\t\t\t\t<\/div>\n\t\t<div class=\"elementor-element elementor-element-9e133ba e-con-full e-flex e-con e-child\" data-id=\"9e133ba\" data-element_type=\"container\" data-e-type=\"container\">\n\t\t\t\t<div class=\"elementor-element elementor-element-5c196cb elementor-widget elementor-widget-heading\" data-id=\"5c196cb\" data-element_type=\"widget\" data-e-type=\"widget\" data-widget_type=\"heading.default\">\n\t\t\t\t<div class=\"elementor-widget-container\">\n\t\t\t\t\t<h2 class=\"elementor-heading-title elementor-size-default\">Organiser vos aliments<\/h2>\t\t\t\t<\/div>\n\t\t\t\t<\/div>\n\t\t\t\t<div class=\"elementor-element elementor-element-51b0e32 elementor-widget elementor-widget-text-editor\" data-id=\"51b0e32\" data-element_type=\"widget\" data-e-type=\"widget\" data-widget_type=\"text-editor.default\">\n\t\t\t\t<div class=\"elementor-widget-container\">\n\t\t\t\t\t\t\t\t\t<p>Une organisation judicieuse de vos aliments dans le r\u00e9frig\u00e9rateur favorise une circulation d\u2019air optimale. Pour ce faire, laissez suffisamment d\u2019espace entre les produits afin que le froid circule correctement et respectez les zones de temp\u00e9rature de votre frigo.<\/p>\t\t\t\t\t\t\t\t<\/div>\n\t\t\t\t<\/div>\n\t\t\t\t<\/div>\n\t\t\t\t<\/div>\n\t\t<div class=\"elementor-element elementor-element-3f9fc7e e-con-full e-flex e-con e-child\" data-id=\"3f9fc7e\" data-element_type=\"container\" data-e-type=\"container\">\n\t\t\t\t<div class=\"elementor-element elementor-element-cac34f7 elementor-widget elementor-widget-image\" data-id=\"cac34f7\" data-element_type=\"widget\" data-e-type=\"widget\" data-widget_type=\"image.default\">\n\t\t\t\t<div class=\"elementor-widget-container\">\n\t\t\t\t\t\t\t\t\t\t\t\t\t\t\t<img decoding=\"async\" width=\"415\" height=\"364\" src=\"https:\/\/develop.wp.eggo.agifly.cloud\/wp-content\/uploads\/2025\/03\/image-48.webp\" class=\"attachment-large size-large wp-image-16170\" alt=\"Un doigt appuie sur l&#039;\u00e9cran tactile noir d&#039;un r\u00e9frig\u00e9rateur affichant une temp\u00e9rature de -18\u00b0C.\" srcset=\"https:\/\/develop.wp.eggo.agifly.cloud\/wp-content\/uploads\/2025\/03\/image-48.webp 415w, https:\/\/develop.wp.eggo.agifly.cloud\/wp-content\/uploads\/2025\/03\/image-48-300x263.webp 300w\" sizes=\"(max-width: 415px) 100vw, 415px\" \/>\t\t\t\t\t\t\t\t\t\t\t\t\t\t\t<\/div>\n\t\t\t\t<\/div>\n\t\t<div class=\"elementor-element elementor-element-04d1a5e e-con-full e-flex e-con e-child\" data-id=\"04d1a5e\" data-element_type=\"container\" data-e-type=\"container\">\n\t\t\t\t<div class=\"elementor-element elementor-element-33c2fbf elementor-widget elementor-widget-heading\" data-id=\"33c2fbf\" data-element_type=\"widget\" data-e-type=\"widget\" data-widget_type=\"heading.default\">\n\t\t\t\t<div class=\"elementor-widget-container\">\n\t\t\t\t\t<h2 class=\"elementor-heading-title elementor-size-default\">D\u00e9congeler r\u00e9guli\u00e8rement votre cong\u00e9lateur<\/h2>\t\t\t\t<\/div>\n\t\t\t\t<\/div>\n\t\t\t\t<div class=\"elementor-element elementor-element-3df3dc1 elementor-widget elementor-widget-text-editor\" data-id=\"3df3dc1\" data-element_type=\"widget\" data-e-type=\"widget\" data-widget_type=\"text-editor.default\">\n\t\t\t\t<div class=\"elementor-widget-container\">\n\t\t\t\t\t\t\t\t\t<p>Pensez \u00e0 d\u00e9congeler fr\u00e9quemment votre cong\u00e9lateur. En effet, le givre va r\u00e9duire l\u2019efficacit\u00e9 de l\u2019appareil. Cela va causer automatiquement une <strong>hausse de votre facture d\u2019\u00e9nergie.<\/strong><\/p>\t\t\t\t\t\t\t\t<\/div>\n\t\t\t\t<\/div>\n\t\t\t\t<\/div>\n\t\t\t\t<\/div>\n\t\t<div class=\"elementor-element elementor-element-5cf3642 e-con-full e-flex e-con e-child\" data-id=\"5cf3642\" data-element_type=\"container\" data-e-type=\"container\">\n\t\t\t\t<div class=\"elementor-element elementor-element-ef26438 elementor-widget elementor-widget-image\" data-id=\"ef26438\" data-element_type=\"widget\" data-e-type=\"widget\" data-widget_type=\"image.default\">\n\t\t\t\t<div class=\"elementor-widget-container\">\n\t\t\t\t\t\t\t\t\t\t\t\t\t\t\t<img decoding=\"async\" width=\"414\" height=\"364\" src=\"https:\/\/develop.wp.eggo.agifly.cloud\/wp-content\/uploads\/2025\/03\/image-49.webp\" class=\"attachment-large size-large wp-image-16168\" alt=\"Femme souriante portant une chemise en jean, atteignant une bo\u00eete en carton contenant des l\u00e9gumes frais dans une cuisine moderne.\" srcset=\"https:\/\/develop.wp.eggo.agifly.cloud\/wp-content\/uploads\/2025\/03\/image-49.webp 414w, https:\/\/develop.wp.eggo.agifly.cloud\/wp-content\/uploads\/2025\/03\/image-49-300x264.webp 300w\" sizes=\"(max-width: 414px) 100vw, 414px\" \/>\t\t\t\t\t\t\t\t\t\t\t\t\t\t\t<\/div>\n\t\t\t\t<\/div>\n\t\t<div class=\"elementor-element elementor-element-a2db442 e-con-full e-flex e-con e-child\" data-id=\"a2db442\" data-element_type=\"container\" data-e-type=\"container\">\n\t\t\t\t<div class=\"elementor-element elementor-element-74dd147 elementor-widget elementor-widget-heading\" data-id=\"74dd147\" data-element_type=\"widget\" data-e-type=\"widget\" data-widget_type=\"heading.default\">\n\t\t\t\t<div class=\"elementor-widget-container\">\n\t\t\t\t\t<h2 class=\"elementor-heading-title elementor-size-default\">Laisser refroidir les aliments<\/h2>\t\t\t\t<\/div>\n\t\t\t\t<\/div>\n\t\t\t\t<div class=\"elementor-element elementor-element-5763050 elementor-widget elementor-widget-text-editor\" data-id=\"5763050\" data-element_type=\"widget\" data-e-type=\"widget\" data-widget_type=\"text-editor.default\">\n\t\t\t\t<div class=\"elementor-widget-container\">\n\t\t\t\t\t\t\t\t\t<p>Vous avez termin\u00e9 de passer \u00e0 table et vous voulez remettre vos plats dans le r\u00e9frig\u00e9rateur\u00a0? <strong>Attendez que les aliments aient refroidi<\/strong> avant de les ranger. Cela permettra de <strong>soulager le compresseur<\/strong> pour la mise en temp\u00e9rature de vos aliments.<\/p>\t\t\t\t\t\t\t\t<\/div>\n\t\t\t\t<\/div>\n\t\t\t\t<\/div>\n\t\t\t\t<\/div>\n\t\t<div class=\"elementor-element elementor-element-a0b89da e-con-full e-flex e-con e-child\" data-id=\"a0b89da\" data-element_type=\"container\" data-e-type=\"container\">\n\t\t<div class=\"elementor-element elementor-element-05b4a92 e-con-full e-flex e-con e-child\" data-id=\"05b4a92\" data-element_type=\"container\" data-e-type=\"container\">\n\t\t\t\t<div class=\"elementor-element elementor-element-3d364c1 elementor-widget elementor-widget-heading\" data-id=\"3d364c1\" data-element_type=\"widget\" data-e-type=\"widget\" data-widget_type=\"heading.default\">\n\t\t\t\t<div class=\"elementor-widget-container\">\n\t\t\t\t\t<h2 class=\"elementor-heading-title elementor-size-default\">Maintenir la temp\u00e9rature id\u00e9ale<\/h2>\t\t\t\t<\/div>\n\t\t\t\t<\/div>\n\t\t\t\t<div class=\"elementor-element elementor-element-7adeee8 elementor-widget elementor-widget-text-editor\" data-id=\"7adeee8\" data-element_type=\"widget\" data-e-type=\"widget\" data-widget_type=\"text-editor.default\">\n\t\t\t\t<div class=\"elementor-widget-container\">\n\t\t\t\t\t\t\t\t\t<p>La gestion efficace de la temp\u00e9rature interne est l\u2019une des cl\u00e9s pour la durabilit\u00e9 de votre r\u00e9frig\u00e9rateur. Pour ce faire, vous devez vous assurer que sa temp\u00e9rature se situe <strong>entre 2 et 5 degr\u00e9s<\/strong>. Ce r\u00e9glage optimal garantit la pr\u00e9servation de la fra\u00eecheur de vos aliments et \u00e9vite \u00e0 une surconsommation \u00e9nerg\u00e9tique inutile.<\/p>\t\t\t\t\t\t\t\t<\/div>\n\t\t\t\t<\/div>\n\t\t\t\t<\/div>\n\t\t\t\t<\/div>\n\t\t<div class=\"elementor-element elementor-element-0e6f22f e-con-full e-flex e-con e-child\" data-id=\"0e6f22f\" data-element_type=\"container\" data-e-type=\"container\">\n\t\t<div class=\"elementor-element elementor-element-331210e e-con-full e-flex e-con e-child\" data-id=\"331210e\" data-element_type=\"container\" data-e-type=\"container\">\n\t\t\t\t<div class=\"elementor-element elementor-element-118870e elementor-widget elementor-widget-heading\" data-id=\"118870e\" data-element_type=\"widget\" data-e-type=\"widget\" data-widget_type=\"heading.default\">\n\t\t\t\t<div class=\"elementor-widget-container\">\n\t\t\t\t\t<h2 class=\"elementor-heading-title elementor-size-default\">Nettoyer les joints d\u2019\u00e9tanch\u00e9it\u00e9<\/h2>\t\t\t\t<\/div>\n\t\t\t\t<\/div>\n\t\t\t\t<div class=\"elementor-element elementor-element-1fef387 elementor-widget elementor-widget-text-editor\" data-id=\"1fef387\" data-element_type=\"widget\" data-e-type=\"widget\" data-widget_type=\"text-editor.default\">\n\t\t\t\t<div class=\"elementor-widget-container\">\n\t\t\t\t\t\t\t\t\t<p>L\u2019entretien r\u00e9gulier des joints d\u2019\u00e9tanch\u00e9it\u00e9 de votre <a href=\"\/cuisines\/electromenager\/\">r\u00e9frig\u00e9rateur encastrable<\/a> est \u00e9galement une excellente pratique. Son nettoyage \u00e9vite les fuites d\u2019air et garantit une fermeture optimale de la porte de votre frigo. Voici <strong>quelques \u00e9tapes \u00e0 suivre<\/strong> pour un nettoyage efficace\u00a0:<\/p>\n<ul>\n<li>Utilisez une <strong>brosse \u00e0 dent souple<\/strong><\/li>\n<li>Pr\u00e9parez une solution de nettoyage compos\u00e9e de <strong>vinaigre blanc<\/strong> et <strong>d\u2019eau ti\u00e8de<\/strong><\/li>\n<li><strong>Nettoyez le joint<\/strong> avec un <strong>chiffon doux<\/strong><\/li>\n<li><strong>S\u00e9chez le joint<\/strong> correctement pour ne pas laisser de traces humides<\/li>\n<\/ul>\t\t\t\t\t\t\t\t<\/div>\n\t\t\t\t<\/div>\n\t\t\t\t<\/div>\n\t\t\t\t<\/div>\n\t\t<div class=\"elementor-element elementor-element-a8a0d3d e-con-full e-flex e-con e-child\" data-id=\"a8a0d3d\" data-element_type=\"container\" data-e-type=\"container\">\n\t\t<div class=\"elementor-element elementor-element-21691c2 e-con-full e-flex e-con e-child\" data-id=\"21691c2\" data-element_type=\"container\" data-e-type=\"container\">\n\t\t\t\t<div class=\"elementor-element elementor-element-7c5d1f8 elementor-widget elementor-widget-heading\" data-id=\"7c5d1f8\" data-element_type=\"widget\" data-e-type=\"widget\" data-widget_type=\"heading.default\">\n\t\t\t\t<div class=\"elementor-widget-container\">\n\t\t\t\t\t<h2 class=\"elementor-heading-title elementor-size-default\">Pr\u00e9f\u00e9rer un r\u00e9frig\u00e9rateur froid statique<\/h2>\t\t\t\t<\/div>\n\t\t\t\t<\/div>\n\t\t\t\t<div class=\"elementor-element elementor-element-e0bbcd7 elementor-widget elementor-widget-text-editor\" data-id=\"e0bbcd7\" data-element_type=\"widget\" data-e-type=\"widget\" data-widget_type=\"text-editor.default\">\n\t\t\t\t<div class=\"elementor-widget-container\">\n\t\t\t\t\t\t\t\t\t<p>Vous envisagez d\u2019acqu\u00e9rir un nouvel appareil, nous vous recommandons d\u2019opter pour un mod\u00e8le de <strong>r\u00e9frig\u00e9rateur \u00e0<\/strong> \u00ab\u00a0<strong>froid statique<\/strong>\u00a0\u00bb plut\u00f4t qu\u2019un mod\u00e8le \u00e0 \u00ab\u00a0froid ventil\u00e9\u00a0\u00bb. Le petit plus\u00a0? Certes, le frigo \u00e0 froid ventil\u00e9 refroidit plus rapidement et permet \u00e0 des aliments p\u00e9rissables de perdurer plus longtemps. En revanche, il consomme beaucoup plus d\u2019\u00e9nergie. Le mod\u00e8le \u00e0 froid statique, quant \u00e0 lui, peut vous aider \u00e0 <strong>\u00e9conomiser de l\u2019\u00e9nergie et \u00e0 prolonger la dur\u00e9e de vie<\/strong> de votre \u00e9lectrom\u00e9nager.<\/p>\t\t\t\t\t\t\t\t<\/div>\n\t\t\t\t<\/div>\n\t\t\t\t<\/div>\n\t\t\t\t<\/div>\n\t\t\t\t<\/div>\n\t\t\t\t<\/div>\n\t\t\t\t\t<\/div>\n\t\t\t\t<\/div>\n\t\t<div class=\"elementor-element elementor-element-7a19309 e-flex e-con-boxed e-con e-parent\" data-id=\"7a19309\" data-element_type=\"container\" data-e-type=\"container\">\n\t\t\t\t\t<div class=\"e-con-inner\">\n\t\t<div class=\"elementor-element elementor-element-37ed911 e-flex e-con-boxed e-con e-child\" data-id=\"37ed911\" data-element_type=\"container\" data-e-type=\"container\">\n\t\t\t\t\t<div class=\"e-con-inner\">\n\t\t\t\t<div class=\"elementor-element elementor-element-ea5c454 elementor-widget elementor-widget-heading\" data-id=\"ea5c454\" data-element_type=\"widget\" data-e-type=\"widget\" data-widget_type=\"heading.default\">\n\t\t\t\t<div class=\"elementor-widget-container\">\n\t\t\t\t\t<h2 class=\"elementor-heading-title elementor-size-default\">Prenez soin de votre lave-vaisselle<\/h2>\t\t\t\t<\/div>\n\t\t\t\t<\/div>\n\t\t\t\t<div class=\"elementor-element elementor-element-a78d00f elementor-widget elementor-widget-text-editor\" data-id=\"a78d00f\" data-element_type=\"widget\" data-e-type=\"widget\" data-widget_type=\"text-editor.default\">\n\t\t\t\t<div class=\"elementor-widget-container\">\n\t\t\t\t\t\t\t\t\t<p>Un <a href=\"\/cuisines\/electromenager\/\">lave-vaisselle<\/a> vous fait non seulement gagner un temps pr\u00e9cieux mais il joue \u00e9galement un r\u00f4le important dans l\u2019hygi\u00e8ne de votre cuisine. Voici les recommandations de nos conseillers \u00e8ggo pour optimiser sa long\u00e9vit\u00e9.<\/p>\t\t\t\t\t\t\t\t<\/div>\n\t\t\t\t<\/div>\n\t\t\t\t\t<\/div>\n\t\t\t\t<\/div>\n\t\t<div class=\"elementor-element elementor-element-8d53e58 e-con-full e-flex e-con e-child\" data-id=\"8d53e58\" data-element_type=\"container\" data-e-type=\"container\">\n\t\t<div class=\"elementor-element elementor-element-19c17e6 e-con-full e-flex e-con e-child\" data-id=\"19c17e6\" data-element_type=\"container\" data-e-type=\"container\">\n\t\t<div class=\"elementor-element elementor-element-f0bb5cc e-con-full e-flex e-con e-child\" data-id=\"f0bb5cc\" data-element_type=\"container\" data-e-type=\"container\">\n\t\t\t\t<div class=\"elementor-element elementor-element-40fc755 elementor-widget elementor-widget-image\" data-id=\"40fc755\" data-element_type=\"widget\" data-e-type=\"widget\" data-widget_type=\"image.default\">\n\t\t\t\t<div class=\"elementor-widget-container\">\n\t\t\t\t\t\t\t\t\t\t\t\t\t\t\t<img loading=\"lazy\" decoding=\"async\" width=\"629\" height=\"239\" src=\"https:\/\/develop.wp.eggo.agifly.cloud\/wp-content\/uploads\/2025\/03\/image-50.webp\" class=\"attachment-large size-large wp-image-16166\" alt=\"Cuisine moderne avec \u00eelot central noir, \u00e9vier int\u00e9gr\u00e9, lave-vaisselle ouvert rempli de vaisselle blanche, et plan de travail d\u00e9cor\u00e9 de fruits et herbes.\" srcset=\"https:\/\/develop.wp.eggo.agifly.cloud\/wp-content\/uploads\/2025\/03\/image-50.webp 629w, https:\/\/develop.wp.eggo.agifly.cloud\/wp-content\/uploads\/2025\/03\/image-50-300x114.webp 300w\" sizes=\"(max-width: 629px) 100vw, 629px\" \/>\t\t\t\t\t\t\t\t\t\t\t\t\t\t\t<\/div>\n\t\t\t\t<\/div>\n\t\t<div class=\"elementor-element elementor-element-24037b2 e-con-full e-flex e-con e-child\" data-id=\"24037b2\" data-element_type=\"container\" data-e-type=\"container\">\n\t\t\t\t<div class=\"elementor-element elementor-element-8db139d elementor-widget elementor-widget-heading\" data-id=\"8db139d\" data-element_type=\"widget\" data-e-type=\"widget\" data-widget_type=\"heading.default\">\n\t\t\t\t<div class=\"elementor-widget-container\">\n\t\t\t\t\t<h2 class=\"elementor-heading-title elementor-size-default\">Nettoyage r\u00e9gulier<\/h2>\t\t\t\t<\/div>\n\t\t\t\t<\/div>\n\t\t\t\t<div class=\"elementor-element elementor-element-95237e7 elementor-widget elementor-widget-text-editor\" data-id=\"95237e7\" data-element_type=\"widget\" data-e-type=\"widget\" data-widget_type=\"text-editor.default\">\n\t\t\t\t<div class=\"elementor-widget-container\">\n\t\t\t\t\t\t\t\t\t<p>Nos experts vous conseillent de nettoyer r\u00e9guli\u00e8rement le filtre et les joints de votre lave-vaisselle. Pour une performance optimale et une dur\u00e9e de vie prolong\u00e9e, ce nettoyage doit \u00eatre r\u00e9alis\u00e9 une fois toutes les deux semaines.\u00a0<\/p>\t\t\t\t\t\t\t\t<\/div>\n\t\t\t\t<\/div>\n\t\t\t\t<\/div>\n\t\t\t\t<\/div>\n\t\t<div class=\"elementor-element elementor-element-35fef85 e-con-full e-flex e-con e-child\" data-id=\"35fef85\" data-element_type=\"container\" data-e-type=\"container\">\n\t\t\t\t<div class=\"elementor-element elementor-element-fa8f42b elementor-widget elementor-widget-image\" data-id=\"fa8f42b\" data-element_type=\"widget\" data-e-type=\"widget\" data-widget_type=\"image.default\">\n\t\t\t\t<div class=\"elementor-widget-container\">\n\t\t\t\t\t\t\t\t\t\t\t\t\t\t\t<img loading=\"lazy\" decoding=\"async\" width=\"629\" height=\"239\" src=\"https:\/\/develop.wp.eggo.agifly.cloud\/wp-content\/uploads\/2025\/03\/image-51.webp\" class=\"attachment-large size-large wp-image-16164\" alt=\"Main tournant un cadran lumineux avec des lettres color\u00e9es de A \u00e0 E, cadran \u00e9mettant une lueur verte.\" srcset=\"https:\/\/develop.wp.eggo.agifly.cloud\/wp-content\/uploads\/2025\/03\/image-51.webp 629w, https:\/\/develop.wp.eggo.agifly.cloud\/wp-content\/uploads\/2025\/03\/image-51-300x114.webp 300w\" sizes=\"(max-width: 629px) 100vw, 629px\" \/>\t\t\t\t\t\t\t\t\t\t\t\t\t\t\t<\/div>\n\t\t\t\t<\/div>\n\t\t<div class=\"elementor-element elementor-element-e2e6085 e-con-full e-flex e-con e-child\" data-id=\"e2e6085\" data-element_type=\"container\" data-e-type=\"container\">\n\t\t\t\t<div class=\"elementor-element elementor-element-7df7fec elementor-widget elementor-widget-heading\" data-id=\"7df7fec\" data-element_type=\"widget\" data-e-type=\"widget\" data-widget_type=\"heading.default\">\n\t\t\t\t<div class=\"elementor-widget-container\">\n\t\t\t\t\t<h2 class=\"elementor-heading-title elementor-size-default\">Privil\u00e9gier\u00a0le cycle Eco<\/h2>\t\t\t\t<\/div>\n\t\t\t\t<\/div>\n\t\t\t\t<div class=\"elementor-element elementor-element-8bd6aa2 elementor-widget elementor-widget-text-editor\" data-id=\"8bd6aa2\" data-element_type=\"widget\" data-e-type=\"widget\" data-widget_type=\"text-editor.default\">\n\t\t\t\t<div class=\"elementor-widget-container\">\n\t\t\t\t\t\t\t\t\t<p>Le cycle Eco est plus respectueux de l\u2019environnement et \u00e9conomise de l\u2019\u00e9nergie. Pour faire preuve <a href=\"\/a-propos\/eggo-life\/\">d\u2019\u00e9co-responsabilit\u00e9<\/a>, il faut, cependant, pr\u00eater attention au choix des pastilles. Privil\u00e9giez, en effet, des pastilles de bonne qualit\u00e9, qui se d\u00e9sagr\u00e8gent correctement pour assurer un nettoyage efficace.<\/p>\t\t\t\t\t\t\t\t<\/div>\n\t\t\t\t<\/div>\n\t\t\t\t<\/div>\n\t\t\t\t<\/div>\n\t\t<div class=\"elementor-element elementor-element-25bba5a e-con-full e-flex e-con e-child\" data-id=\"25bba5a\" data-element_type=\"container\" data-e-type=\"container\">\n\t\t<div class=\"elementor-element elementor-element-0e9cb2d e-con-full e-flex e-con e-child\" data-id=\"0e9cb2d\" data-element_type=\"container\" data-e-type=\"container\">\n\t\t\t\t<div class=\"elementor-element elementor-element-545cb96 elementor-widget elementor-widget-heading\" data-id=\"545cb96\" data-element_type=\"widget\" data-e-type=\"widget\" data-widget_type=\"heading.default\">\n\t\t\t\t<div class=\"elementor-widget-container\">\n\t\t\t\t\t<h2 class=\"elementor-heading-title elementor-size-default\">\u00c9viter le s\u00e9chage automatique<\/h2>\t\t\t\t<\/div>\n\t\t\t\t<\/div>\n\t\t\t\t<div class=\"elementor-element elementor-element-ae5b8de elementor-widget elementor-widget-text-editor\" data-id=\"ae5b8de\" data-element_type=\"widget\" data-e-type=\"widget\" data-widget_type=\"text-editor.default\">\n\t\t\t\t<div class=\"elementor-widget-container\">\n\t\t\t\t\t\t\t\t\t<p>Vous \u00eates press\u00e9 d\u2019aller au boulot mais vous souhaitez absolument que vos ustensiles de cuisine soient rang\u00e9s ? Le s\u00e9chage automatique peut vous sembler \u00eatre la solution miracle. Pas tout \u00e0 fait. L\u2019utilisation du s\u00e9chage automatique vous fait consommer plus d\u2019\u00e9nergie et ajoute une pression suppl\u00e9mentaire sur votre lave-vaisselle. Privil\u00e9giez plut\u00f4t le s\u00e9chage naturel, c\u2019est-\u00e0-dire en <strong>laissant la porte ouverte pour ventiler \u00e0 l\u2019air libre<\/strong>.<\/p>\t\t\t\t\t\t\t\t<\/div>\n\t\t\t\t<\/div>\n\t\t\t\t<\/div>\n\t\t\t\t<\/div>\n\t\t<div class=\"elementor-element elementor-element-fa1bf60 e-con-full e-flex e-con e-child\" data-id=\"fa1bf60\" data-element_type=\"container\" data-e-type=\"container\">\n\t\t<div class=\"elementor-element elementor-element-aae67c5 e-con-full e-flex e-con e-child\" data-id=\"aae67c5\" data-element_type=\"container\" data-e-type=\"container\">\n\t\t\t\t<div class=\"elementor-element elementor-element-7428b54 elementor-widget elementor-widget-heading\" data-id=\"7428b54\" data-element_type=\"widget\" data-e-type=\"widget\" data-widget_type=\"heading.default\">\n\t\t\t\t<div class=\"elementor-widget-container\">\n\t\t\t\t\t<h2 class=\"elementor-heading-title elementor-size-default\">\u00c9viter les pr\u00e9rin\u00e7ages<\/h2>\t\t\t\t<\/div>\n\t\t\t\t<\/div>\n\t\t\t\t<div class=\"elementor-element elementor-element-fc2f424 elementor-widget elementor-widget-text-editor\" data-id=\"fc2f424\" data-element_type=\"widget\" data-e-type=\"widget\" data-widget_type=\"text-editor.default\">\n\t\t\t\t<div class=\"elementor-widget-container\">\n\t\t\t\t\t\t\t\t\t<p>Dites non aux pr\u00e9rin\u00e7ages\u00a0! Vous avez l\u2019habitude de rincer \u00e0 l\u2019eau vos plats et assiettes avant de les mettre au lave-vaisselle\u00a0? Ce n\u2019est pourtant pas n\u00e9cessaire. Les pr\u00e9rin\u00e7ages sont non seulement une <strong>perte d\u2019eau<\/strong>, mais aussi une surconsommation d\u2019\u00e9nergie inutile. Eh oui\u00a0! Ils sont une fausse croyance puisque les <strong>programmes sont tout aussi efficaces<\/strong> avec ou sans cette \u00e9tape.\u00a0<\/p>\t\t\t\t\t\t\t\t<\/div>\n\t\t\t\t<\/div>\n\t\t\t\t<\/div>\n\t\t\t\t<\/div>\n\t\t\t\t<\/div>\n\t\t\t\t<\/div>\n\t\t\t\t\t<\/div>\n\t\t\t\t<\/div>\n\t\t<div class=\"elementor-element elementor-element-c794bcb e-flex e-con-boxed e-con e-parent\" data-id=\"c794bcb\" data-element_type=\"container\" data-e-type=\"container\" data-settings=\"{&quot;background_background&quot;:&quot;classic&quot;}\">\n\t\t\t\t\t<div class=\"e-con-inner\">\n\t\t<div class=\"elementor-element elementor-element-433659b e-con-full e-flex e-con e-child\" data-id=\"433659b\" data-element_type=\"container\" data-e-type=\"container\">\n\t\t\t\t<div class=\"elementor-element elementor-element-3d6115a elementor-widget elementor-widget-heading\" data-id=\"3d6115a\" data-element_type=\"widget\" data-e-type=\"widget\" data-widget_type=\"heading.default\">\n\t\t\t\t<div class=\"elementor-widget-container\">\n\t\t\t\t\t<h2 class=\"elementor-heading-title elementor-size-default\">Augmentez l\u2019efficacit\u00e9 de votre four<\/h2>\t\t\t\t<\/div>\n\t\t\t\t<\/div>\n\t\t<div class=\"elementor-element elementor-element-db7f50a e-con-full e-flex e-con e-child\" data-id=\"db7f50a\" data-element_type=\"container\" data-e-type=\"container\">\n\t\t<div class=\"elementor-element elementor-element-492fff5 e-con-full e-flex e-con e-child\" data-id=\"492fff5\" data-element_type=\"container\" data-e-type=\"container\">\n\t\t\t\t<div class=\"elementor-element elementor-element-0d6b973 elementor-widget elementor-widget-text-editor\" data-id=\"0d6b973\" data-element_type=\"widget\" data-e-type=\"widget\" data-widget_type=\"text-editor.default\">\n\t\t\t\t<div class=\"elementor-widget-container\">\n\t\t\t\t\t\t\t\t\t<p>Au sein de votre <a href=\"\/cuisines\/electromenager\/\">four<\/a> peuvent mijoter de d\u00e9licieux plats qui raviront les papilles de vos convives. Sa mise en \u00e9tat r\u00e9guli\u00e8re garantit une cuisine exceptionnelle et une longue dur\u00e9e de vie.<\/p><p>\u00a0<\/p><p><strong>Nettoyage r\u00e9gulier<\/strong><\/p><p><strong>Toutes les deux semaines<\/strong>, le nettoyage p\u00e9riodique de la cavit\u00e9 de votre four et de sa vitre est essentiel. L\u2019objectif est de maintenir en bon \u00e9tat votre four et de pr\u00e9server son efficacit\u00e9.<\/p><p>\u00a0<\/p><p><strong>\u00c9vitez le papier alu dans le fond<\/strong><\/p><p>L\u2019utilisation de papier aluminium dans le fond du four peut <strong>affecter sa performance<\/strong>. En effet, <strong>le papier aluminium r\u00e9fl\u00e9chit la chaleur<\/strong>, perturbant ainsi sa r\u00e9partition homog\u00e8ne \u00e0 l\u2019int\u00e9rieur du four. Cette r\u00e9partition in\u00e9gale peut <strong>entrainer une cuisson non uniforme de vos aliments<\/strong>.<\/p><p>\u00a0<\/p><p><strong>Utilisation de la pyrolyse<\/strong><br \/>La pyrolyse est un <strong>syst\u00e8me d\u2019autonettoyage<\/strong> qui transforme les r\u00e9sidus alimentaires et les \u00e9claboussures en cendres via un proc\u00e9d\u00e9 de tr\u00e8s haute temp\u00e9rature. Attention cependant. Bien que cette fonction soit tr\u00e8s pratique, notamment lors des f\u00eates de fin d\u2019ann\u00e9e, une utilisation judicieuse est recommand\u00e9e. Effectivement, la pyrolyse engendre notamment un <strong>co\u00fbt \u00e9nerg\u00e9tique important.<\/strong> De quoi s\u2019en abstenir lorsque son utilisation n\u2019est pas indispensable.<\/p>\t\t\t\t\t\t\t\t<\/div>\n\t\t\t\t<\/div>\n\t\t\t\t<\/div>\n\t\t\t\t<\/div>\n\t\t\t\t<\/div>\n\t\t<div class=\"elementor-element elementor-element-7315106 e-con-full e-flex e-con e-child\" data-id=\"7315106\" data-element_type=\"container\" data-e-type=\"container\" data-settings=\"{&quot;background_background&quot;:&quot;classic&quot;}\">\n\t\t\t\t<\/div>\n\t\t\t\t\t<\/div>\n\t\t\t\t<\/div>\n\t\t<div class=\"elementor-element elementor-element-a61e025 e-flex e-con-boxed e-con e-parent\" data-id=\"a61e025\" data-element_type=\"container\" data-e-type=\"container\">\n\t\t\t\t\t<div class=\"e-con-inner\">\n\t\t<div class=\"elementor-element elementor-element-58f3050 e-con-full e-flex e-con e-child\" data-id=\"58f3050\" data-element_type=\"container\" data-e-type=\"container\">\n\t\t\t\t<div class=\"elementor-element elementor-element-b813fe8 elementor-widget elementor-widget-heading\" data-id=\"b813fe8\" data-element_type=\"widget\" data-e-type=\"widget\" data-widget_type=\"heading.default\">\n\t\t\t\t<div class=\"elementor-widget-container\">\n\t\t\t\t\t<h2 class=\"elementor-heading-title elementor-size-default\">Entretenez la hotte de votre cuisine<\/h2>\t\t\t\t<\/div>\n\t\t\t\t<\/div>\n\t\t<div class=\"elementor-element elementor-element-f5ad482 e-con-full e-flex e-con e-child\" data-id=\"f5ad482\" data-element_type=\"container\" data-e-type=\"container\">\n\t\t<div class=\"elementor-element elementor-element-e1e56d5 e-con-full e-flex e-con e-child\" data-id=\"e1e56d5\" data-element_type=\"container\" data-e-type=\"container\">\n\t\t\t\t<div class=\"elementor-element elementor-element-cf26a7b elementor-widget elementor-widget-heading\" data-id=\"cf26a7b\" data-element_type=\"widget\" data-e-type=\"widget\" data-widget_type=\"heading.default\">\n\t\t\t\t<div class=\"elementor-widget-container\">\n\t\t\t\t\t<h2 class=\"elementor-heading-title elementor-size-default\">Nettoyage r\u00e9gulier du filtre<\/h2>\t\t\t\t<\/div>\n\t\t\t\t<\/div>\n\t\t\t\t<div class=\"elementor-element elementor-element-e08d939 elementor-widget elementor-widget-text-editor\" data-id=\"e08d939\" data-element_type=\"widget\" data-e-type=\"widget\" data-widget_type=\"text-editor.default\">\n\t\t\t\t<div class=\"elementor-widget-container\">\n\t\t\t\t\t\t\t\t\t<p>Un <strong>filtre propre<\/strong> est synonyme de <strong>haute performance<\/strong>. D\u00e8s lors, pour assurer son efficacit\u00e9 maximale, nos experts \u00e8ggo conseillent un nettoyage du filtre m\u00e9tallique <strong>tous les deux mois<\/strong>.\u00a0<\/p>\t\t\t\t\t\t\t\t<\/div>\n\t\t\t\t<\/div>\n\t\t\t\t<\/div>\n\t\t<div class=\"elementor-element elementor-element-17a8c1b e-con-full e-flex e-con e-child\" data-id=\"17a8c1b\" data-element_type=\"container\" data-e-type=\"container\">\n\t\t\t\t<div class=\"elementor-element elementor-element-865189f elementor-widget elementor-widget-heading\" data-id=\"865189f\" data-element_type=\"widget\" data-e-type=\"widget\" data-widget_type=\"heading.default\">\n\t\t\t\t<div class=\"elementor-widget-container\">\n\t\t\t\t\t<h2 class=\"elementor-heading-title elementor-size-default\">Remplacement des filtres \u00e0 charbon<\/h2>\t\t\t\t<\/div>\n\t\t\t\t<\/div>\n\t\t\t\t<div class=\"elementor-element elementor-element-446de1a elementor-widget elementor-widget-text-editor\" data-id=\"446de1a\" data-element_type=\"widget\" data-e-type=\"widget\" data-widget_type=\"text-editor.default\">\n\t\t\t\t<div class=\"elementor-widget-container\">\n\t\t\t\t\t\t\t\t\t<p><strong>En fonction de la marque<\/strong>, nous vous conseillons de remplacer vos filtres \u00e0 charbon tous les deux \u00e0 six mois. Une bonne maintenance garantit une aspiration optimale des odeurs et la long\u00e9vit\u00e9 de votre appareil.<\/p>\t\t\t\t\t\t\t\t<\/div>\n\t\t\t\t<\/div>\n\t\t\t\t<\/div>\n\t\t\t\t<\/div>\n\t\t\t\t<\/div>\n\t\t<div class=\"elementor-element elementor-element-b510ddc e-con-full e-flex e-con e-child\" data-id=\"b510ddc\" data-element_type=\"container\" data-e-type=\"container\" data-settings=\"{&quot;background_background&quot;:&quot;classic&quot;}\">\n\t\t\t\t<\/div>\n\t\t\t\t\t<\/div>\n\t\t\t\t<\/div>\n\t\t<div class=\"elementor-element elementor-element-2bc2128 e-flex e-con-boxed e-con e-parent\" data-id=\"2bc2128\" data-element_type=\"container\" data-e-type=\"container\" data-settings=\"{&quot;background_background&quot;:&quot;classic&quot;}\">\n\t\t\t\t\t<div class=\"e-con-inner\">\n\t\t<div class=\"elementor-element elementor-element-552d3bb e-con-full e-flex e-con e-child\" data-id=\"552d3bb\" data-element_type=\"container\" data-e-type=\"container\">\n\t\t\t\t<div class=\"elementor-element elementor-element-4cfbdc6 elementor-widget elementor-widget-heading\" data-id=\"4cfbdc6\" data-element_type=\"widget\" data-e-type=\"widget\" data-widget_type=\"heading.default\">\n\t\t\t\t<div class=\"elementor-widget-container\">\n\t\t\t\t\t<h2 class=\"elementor-heading-title elementor-size-default\">Nous vous aidons \u00e0 adopter un comportement plus \u00e9co-responsable avec votre mat\u00e9riel de cuisine<\/h2>\t\t\t\t<\/div>\n\t\t\t\t<\/div>\n\t\t\t\t<div class=\"elementor-element elementor-element-9f38fb0 elementor-widget elementor-widget-text-editor\" data-id=\"9f38fb0\" data-element_type=\"widget\" data-e-type=\"widget\" data-widget_type=\"text-editor.default\">\n\t\t\t\t<div class=\"elementor-widget-container\">\n\t\t\t\t\t\t\t\t\t<p>Chez \u00e8ggo, nous avons choisi d\u2019entreprendre des initiatives novatrices dans le domaine de l\u2019environnement. D\u00e8s lors, nos <strong>conseillers d\u2019\u00e8ggo<\/strong> sont disponibles pour vous aider dans votre <a href=\"\/a-propos\/eggo-life\/\">d\u00e9marche \u00e9co-responsable<\/a>.<\/p><p>\u00a0<\/p><p>En effet, nous nous engageons \u00e0 vous fournir des <strong>produits de qualit\u00e9<\/strong> et \u00e0 vous accompagner dans leur utilisation optimale. D\u00e9couvrez <strong>notre gamme <a href=\"\/cuisines\/electromenager\/\">d\u2019\u00e9lectrom\u00e9nagers<\/a><\/strong> et trouver les appareils qui correspondent \u00e0 vos besoins.<\/p>\t\t\t\t\t\t\t\t<\/div>\n\t\t\t\t<\/div>\n\t\t\t\t<\/div>\n\t\t<div class=\"elementor-element elementor-element-d5c9b30 e-con-full e-flex e-con e-child\" data-id=\"d5c9b30\" data-element_type=\"container\" data-e-type=\"container\" data-settings=\"{&quot;background_background&quot;:&quot;classic&quot;}\">\n\t\t\t\t<\/div>\n\t\t\t\t\t<\/div>\n\t\t\t\t<\/div>\n\t\t<div class=\"elementor-element elementor-element-5e3e0bb e-flex e-con-boxed e-con e-parent\" data-id=\"5e3e0bb\" data-element_type=\"container\" data-e-type=\"container\">\n\t\t\t\t\t<div class=\"e-con-inner\">\n\t\t\t\t<div class=\"elementor-element elementor-element-2bc3409 elementor-widget elementor-widget-image\" data-id=\"2bc3409\" data-element_type=\"widget\" data-e-type=\"widget\" data-widget_type=\"image.default\">\n\t\t\t\t<div class=\"elementor-widget-container\">\n\t\t\t\t\t\t\t\t\t\t\t\t\t\t\t<img loading=\"lazy\" decoding=\"async\" width=\"142\" height=\"143\" src=\"https:\/\/develop.wp.eggo.agifly.cloud\/wp-content\/uploads\/2025\/02\/Ellipse-44.webp\" class=\"attachment-full size-full wp-image-1037\" alt=\"\" \/>\t\t\t\t\t\t\t\t\t\t\t\t\t\t\t<\/div>\n\t\t\t\t<\/div>\n\t\t\t\t<div class=\"elementor-element elementor-element-858ac5e elementor-widget__width-initial elementor-widget elementor-widget-heading\" data-id=\"858ac5e\" data-element_type=\"widget\" data-e-type=\"widget\" data-widget_type=\"heading.default\">\n\t\t\t\t<div class=\"elementor-widget-container\">\n\t\t\t\t\t<h2 class=\"elementor-heading-title elementor-size-default\">Parlez-nous de votre projet<\/h2>\t\t\t\t<\/div>\n\t\t\t\t<\/div>\n\t\t<div class=\"elementor-element elementor-element-f522390 e-con-full e-flex e-con e-child\" data-id=\"f522390\" data-element_type=\"container\" data-e-type=\"container\">\n\t\t\t\t<div class=\"elementor-element elementor-element-9ad6aaa elementor-align-justify elementor-widget__width-initial elementor-button-info elementor-widget-mobile__width-inherit elementor-widget elementor-widget-button\" data-id=\"9ad6aaa\" data-element_type=\"widget\" data-e-type=\"widget\" data-widget_type=\"button.default\">\n\t\t\t\t<div class=\"elementor-widget-container\">\n\t\t\t\t\t\t\t\t\t<div class=\"elementor-button-wrapper\">\n\t\t\t\t\t<a class=\"elementor-button elementor-button-link elementor-size-sm\" href=\"\/nos-showrooms\/\">\n\t\t\t\t\t\t<span class=\"elementor-button-content-wrapper\">\n\t\t\t\t\t\t<span class=\"elementor-button-icon\">\n\t\t\t\t<svg xmlns=\"http:\/\/www.w3.org\/2000\/svg\" width=\"21\" height=\"24\" viewBox=\"0 0 21 24\" fill=\"none\"><g clip-path=\"url(#clip0_2930_55779)\"><path d=\"M10.7219 23.3084C10.5776 23.3085 10.4349 23.2774 10.3037 23.2171C10.1725 23.1569 10.0559 23.0689 9.96193 22.9594L7.99993 20.6684H2.27393C1.74349 20.6684 1.23478 20.4576 0.859712 20.0826C0.484639 19.7075 0.273926 19.1988 0.273926 18.6684V2.69336C0.273926 2.16293 0.484639 1.65422 0.859712 1.27915C1.23478 0.904073 1.74349 0.693359 2.27393 0.693359L18.7259 0.693359C19.2564 0.693359 19.7651 0.904073 20.1401 1.27915C20.5152 1.65422 20.7259 2.16293 20.7259 2.69336V18.6684C20.7259 19.1988 20.5152 19.7075 20.1401 20.0826C19.7651 20.4576 19.2564 20.6684 18.7259 20.6684H13.4449L11.4819 22.9594C11.3879 23.0689 11.2714 23.1569 11.1402 23.2171C11.009 23.2774 10.8663 23.3085 10.7219 23.3084ZM6.14293 10.8854C6.16275 10.973 6.18746 11.0595 6.21693 11.1444C6.35853 11.5999 6.59086 12.022 6.89993 12.3854C7.14641 12.6922 7.43768 12.9602 7.76393 13.1804C8.7414 13.8975 9.93738 14.2534 11.1479 14.1874C11.3479 14.1874 11.5099 14.1814 11.6169 14.1764C14.1799 14.1764 16.7419 11.7064 16.7679 11.6814V10.6434C16.763 10.6491 16.7573 10.6542 16.7509 10.6584C15.8713 11.346 14.9249 11.9436 13.9259 12.4424C13.3946 12.6839 12.8175 12.808 12.2339 12.8064C11.968 12.8082 11.7028 12.7807 11.4429 12.7244C11.8174 12.3897 12.1164 11.9791 12.32 11.52C12.5237 11.0608 12.6273 10.5636 12.6239 10.0614C12.6468 9.16625 12.3139 8.29857 11.6981 7.64851C11.0823 6.99844 10.234 6.61901 9.33893 6.59336C8.44389 6.61901 7.59552 6.99844 6.97976 7.64851C6.36399 8.29857 6.03106 9.16625 6.05393 10.0614C6.05396 10.3387 6.0855 10.6151 6.14793 10.8854H6.14293Z\" fill=\"#FE4F02\"><\/path><\/g><defs><clipPath id=\"clip0_2930_55779\"><rect width=\"20.452\" height=\"22.615\" fill=\"white\" transform=\"translate(0.273926 0.693359)\"><\/rect><\/clipPath><\/defs><\/svg>\t\t\t<\/span>\n\t\t\t\t\t\t\t\t\t<span class=\"elementor-button-text\">Nos showrooms<\/span>\n\t\t\t\t\t<\/span>\n\t\t\t\t\t<\/a>\n\t\t\t\t<\/div>\n\t\t\t\t\t\t\t\t<\/div>\n\t\t\t\t<\/div>\n\t\t\t\t<div class=\"elementor-element elementor-element-3dfae4a elementor-align-justify elementor-widget__width-initial elementor-button-info elementor-widget-mobile__width-inherit elementor-widget elementor-widget-button\" data-id=\"3dfae4a\" data-element_type=\"widget\" data-e-type=\"widget\" data-widget_type=\"button.default\">\n\t\t\t\t<div class=\"elementor-widget-container\">\n\t\t\t\t\t\t\t\t\t<div class=\"elementor-button-wrapper\">\n\t\t\t\t\t<a class=\"elementor-button elementor-button-link elementor-size-sm\" href=\"\/prendre-un-rendez-vous\/\">\n\t\t\t\t\t\t<span class=\"elementor-button-content-wrapper\">\n\t\t\t\t\t\t<span class=\"elementor-button-icon\">\n\t\t\t\t<svg xmlns=\"http:\/\/www.w3.org\/2000\/svg\" width=\"20\" height=\"22\" viewBox=\"0 0 20 22\" fill=\"none\"><g clip-path=\"url(#clip0_4139_8282)\"><path d=\"M14.75 4.20859H18.55C19.0747 4.20859 19.5 4.63393 19.5 5.15859V20.3586C19.5 20.8833 19.0747 21.3086 18.55 21.3086H1.45C0.925334 21.3086 0.5 20.8833 0.5 20.3586V5.15859C0.5 4.63393 0.925334 4.20859 1.45 4.20859H5.25V2.30859H7.15V4.20859H12.85V2.30859H14.75V4.20859ZM2.4 9.90859V19.4086H17.6V9.90859H2.4ZM4.3 13.7086H9.05V17.5086H4.3V13.7086Z\" fill=\"white\"><\/path><\/g><defs><clipPath id=\"clip0_4139_8282\"><rect width=\"19.319\" height=\"21.305\" fill=\"white\" transform=\"translate(0.5 0.308594)\"><\/rect><\/clipPath><\/defs><\/svg>\t\t\t<\/span>\n\t\t\t\t\t\t\t\t\t<span class=\"elementor-button-text\">Prendre un rendez-vous<\/span>\n\t\t\t\t\t<\/span>\n\t\t\t\t\t<\/a>\n\t\t\t\t<\/div>\n\t\t\t\t\t\t\t\t<\/div>\n\t\t\t\t<\/div>\n\t\t\t\t<\/div>\n\t\t\t\t\t<\/div>\n\t\t\t\t<\/div>\n\t\t\t\t<\/div>\n\t\t","protected":false},"excerpt":{"rendered":"<p>Au quotidien, nous sommes tous <strong>d\u00e9pendants de nos appareils \u00e9lectrom\u00e9nagers<\/strong>. Ils sont <strong>indispensables<\/strong> pour notre confort de vie. Mais comment prolonger la long\u00e9vit\u00e9 de ces \u00e9quipements\u00a0? Chez \u00e8ggo, nos conseillers s\u2019engagent \u00e0 offrir non seulement des cuisines et des placards de qualit\u00e9 mais \u00e9galement \u00e0 partager leur expertise sur les <a href=\"\/cuisines\/electromenager\/\">\u00e9lectrom\u00e9nagers<\/a>.<\/p>\n<p>\u00a0<\/p>\n<p>C\u2019est pourquoi, nous allons parcourir ensemble les trucs et astuces simples pour am\u00e9liorer la dur\u00e9e de vie de votre \u00e9lectrom\u00e9nager. <strong>Pour un comportement plus <a href=\"\/a-propos\/eggo-life\/\">durable<\/a> et une \u00e9conomie sur votre facture d\u2019\u00e9lectricit\u00e9.<\/strong><\/p>\n","protected":false},"author":1,"featured_media":12127,"comment_status":"closed","ping_status":"open","sticky":false,"template":"","format":"standard","meta":{"footnotes":""},"categories":[1],"tags":[],"class_list":["post-11530","post","type-post","status-publish","format-standard","has-post-thumbnail","hentry","category-astuce"],"yoast_head":"<!-- This site is optimized with the Yoast SEO Premium plugin v26.2 (Yoast SEO v27.3) - https:\/\/yoast.com\/product\/yoast-seo-premium-wordpress\/ -->\n<title>5 conseils pour prolonger la dur\u00e9e de vie de vos \u00e9lectrom\u00e9nagers - Eggo<\/title>\n<meta name=\"description\" content=\"D\u00e9couvrez comment maximiser la dur\u00e9e de vie de vos appareils \u00e9lectro et faire des \u00e9conomies d\u2019\u00e9nergie avec les conseils \u00e9co-responsables de nos experts.\" \/>\n<meta name=\"robots\" content=\"index, follow, max-snippet:-1, max-image-preview:large, max-video-preview:-1\" \/>\n<link rel=\"canonical\" href=\"https:\/\/develop.wp.eggo.agifly.cloud\/fr\/blog\/hoe-laat-je-je-elektrotoestellen-langer-meegaan-en-bespaar-je-energie\/\" \/>\n<meta property=\"og:locale\" content=\"fr_FR\" \/>\n<meta property=\"og:type\" content=\"article\" \/>\n<meta property=\"og:title\" content=\"Comment prolonger la dur\u00e9e de vie de vos appareils \u00e9lectrom\u00e9nagers\u00a0? - Eggo\" \/>\n<meta property=\"og:description\" content=\"Au quotidien, nous sommes tous d\u00e9pendants de nos appareils \u00e9lectrom\u00e9nagers. Ils sont indispensables pour notre confort de vie. Mais comment prolonger la long\u00e9vit\u00e9 de ces \u00e9quipements\u00a0? Chez \u00e8ggo, nos conseillers s\u2019engagent \u00e0 offrir non seulement des cuisines et des placards de qualit\u00e9 mais \u00e9galement \u00e0 partager leur expertise sur les \u00e9lectrom\u00e9nagers. \u00a0 C\u2019est pourquoi, nous allons parcourir ensemble les trucs et astuces simples pour am\u00e9liorer la dur\u00e9e de vie de votre \u00e9lectrom\u00e9nager. Pour un comportement plus durable et une \u00e9conomie sur votre facture d\u2019\u00e9lectricit\u00e9.\" \/>\n<meta property=\"og:url\" content=\"https:\/\/develop.wp.eggo.agifly.cloud\/nl\/blog\/hoe-laat-je-je-elektrotoestellen-langer-meegaan-en-bespaar-je-energie\/\" \/>\n<meta property=\"og:site_name\" content=\"Eggo\" \/>\n<meta property=\"article:publisher\" content=\"https:\/\/www.facebook.com\/eggokitchen\" \/>\n<meta property=\"article:published_time\" content=\"2025-03-28T17:03:51+00:00\" \/>\n<meta property=\"article:modified_time\" content=\"2025-05-19T08:42:08+00:00\" \/>\n<meta property=\"og:image\" content=\"https:\/\/develop.wp.eggo.agifly.cloud\/wp-content\/uploads\/2025\/03\/Rectangle-330-13-1.png\" \/>\n\t<meta property=\"og:image:width\" content=\"737\" \/>\n\t<meta property=\"og:image:height\" content=\"528\" \/>\n\t<meta property=\"og:image:type\" content=\"image\/png\" \/>\n<meta name=\"author\" content=\"eggo_dev\" \/>\n<meta name=\"twitter:card\" content=\"summary_large_image\" \/>\n<meta name=\"twitter:label1\" content=\"\u00c9crit par\" \/>\n\t<meta name=\"twitter:data1\" content=\"eggo_dev\" \/>\n\t<meta name=\"twitter:label2\" content=\"Dur\u00e9e de lecture estim\u00e9e\" \/>\n\t<meta name=\"twitter:data2\" content=\"7 minutes\" \/>\n<script type=\"application\/ld+json\" class=\"yoast-schema-graph\">{\"@context\":\"https:\\\/\\\/schema.org\",\"@graph\":[{\"@type\":[\"Article\",\"BlogPosting\"],\"@id\":\"https:\\\/\\\/develop.wp.eggo.agifly.cloud\\\/nl\\\/blog\\\/hoe-laat-je-je-elektrotoestellen-langer-meegaan-en-bespaar-je-energie\\\/#article\",\"isPartOf\":{\"@id\":\"https:\\\/\\\/develop.wp.eggo.agifly.cloud\\\/fr\\\/blog\\\/comment-prolonger-la-duree-de-vie-de-vos-appareils-electromenagers\\\/\"},\"author\":{\"name\":\"eggo_dev\",\"@id\":\"https:\\\/\\\/develop.wp.eggo.agifly.cloud\\\/fr\\\/#\\\/schema\\\/person\\\/aae9f27f724c5b9a4c923893f34f0f6b\"},\"headline\":\"Comment prolonger la dur\u00e9e de vie de vos appareils \u00e9lectrom\u00e9nagers\u00a0?\",\"datePublished\":\"2025-03-28T17:03:51+00:00\",\"dateModified\":\"2025-05-19T08:42:08+00:00\",\"mainEntityOfPage\":{\"@id\":\"https:\\\/\\\/develop.wp.eggo.agifly.cloud\\\/fr\\\/blog\\\/comment-prolonger-la-duree-de-vie-de-vos-appareils-electromenagers\\\/\"},\"wordCount\":1137,\"publisher\":{\"@id\":\"https:\\\/\\\/develop.wp.eggo.agifly.cloud\\\/fr\\\/#organization\"},\"image\":{\"@id\":\"https:\\\/\\\/develop.wp.eggo.agifly.cloud\\\/nl\\\/blog\\\/hoe-laat-je-je-elektrotoestellen-langer-meegaan-en-bespaar-je-energie\\\/#primaryimage\"},\"thumbnailUrl\":\"https:\\\/\\\/develop.wp.eggo.agifly.cloud\\\/wp-content\\\/uploads\\\/2025\\\/03\\\/Rectangle-330-13-1.webp\",\"articleSection\":[\"Astuce\"],\"inLanguage\":\"fr-FR\",\"copyrightYear\":\"2025\",\"copyrightHolder\":{\"@id\":\"https:\\\/\\\/develop.wp.eggo.agifly.cloud\\\/#organization\"}},{\"@type\":\"WebPage\",\"@id\":\"https:\\\/\\\/develop.wp.eggo.agifly.cloud\\\/fr\\\/blog\\\/comment-prolonger-la-duree-de-vie-de-vos-appareils-electromenagers\\\/\",\"url\":\"https:\\\/\\\/develop.wp.eggo.agifly.cloud\\\/nl\\\/blog\\\/hoe-laat-je-je-elektrotoestellen-langer-meegaan-en-bespaar-je-energie\\\/\",\"name\":\"5 conseils pour prolonger la dur\u00e9e de vie de vos \u00e9lectrom\u00e9nagers - Eggo\",\"isPartOf\":{\"@id\":\"https:\\\/\\\/develop.wp.eggo.agifly.cloud\\\/fr\\\/#website\"},\"primaryImageOfPage\":{\"@id\":\"https:\\\/\\\/develop.wp.eggo.agifly.cloud\\\/nl\\\/blog\\\/hoe-laat-je-je-elektrotoestellen-langer-meegaan-en-bespaar-je-energie\\\/#primaryimage\"},\"image\":{\"@id\":\"https:\\\/\\\/develop.wp.eggo.agifly.cloud\\\/nl\\\/blog\\\/hoe-laat-je-je-elektrotoestellen-langer-meegaan-en-bespaar-je-energie\\\/#primaryimage\"},\"thumbnailUrl\":\"https:\\\/\\\/develop.wp.eggo.agifly.cloud\\\/wp-content\\\/uploads\\\/2025\\\/03\\\/Rectangle-330-13-1.webp\",\"datePublished\":\"2025-03-28T17:03:51+00:00\",\"dateModified\":\"2025-05-19T08:42:08+00:00\",\"description\":\"D\u00e9couvrez comment maximiser la dur\u00e9e de vie de vos appareils \u00e9lectro et faire des \u00e9conomies d\u2019\u00e9nergie avec les conseils \u00e9co-responsables de nos experts.\",\"breadcrumb\":{\"@id\":\"https:\\\/\\\/develop.wp.eggo.agifly.cloud\\\/nl\\\/blog\\\/hoe-laat-je-je-elektrotoestellen-langer-meegaan-en-bespaar-je-energie\\\/#breadcrumb\"},\"inLanguage\":\"fr-FR\",\"potentialAction\":[{\"@type\":\"ReadAction\",\"target\":[\"https:\\\/\\\/develop.wp.eggo.agifly.cloud\\\/nl\\\/blog\\\/hoe-laat-je-je-elektrotoestellen-langer-meegaan-en-bespaar-je-energie\\\/\"]}]},{\"@type\":\"ImageObject\",\"inLanguage\":\"fr-FR\",\"@id\":\"https:\\\/\\\/develop.wp.eggo.agifly.cloud\\\/nl\\\/blog\\\/hoe-laat-je-je-elektrotoestellen-langer-meegaan-en-bespaar-je-energie\\\/#primaryimage\",\"url\":\"https:\\\/\\\/develop.wp.eggo.agifly.cloud\\\/wp-content\\\/uploads\\\/2025\\\/03\\\/Rectangle-330-13-1.webp\",\"contentUrl\":\"https:\\\/\\\/develop.wp.eggo.agifly.cloud\\\/wp-content\\\/uploads\\\/2025\\\/03\\\/Rectangle-330-13-1.webp\",\"width\":737,\"height\":528,\"caption\":\"Un bocal en verre rempli de pi\u00e8ces de monnaie avec une plante verte poussant au-dessus, entour\u00e9 de piles de pi\u00e8ces sur un fond flou vert.\"},{\"@type\":\"BreadcrumbList\",\"@id\":\"https:\\\/\\\/develop.wp.eggo.agifly.cloud\\\/nl\\\/blog\\\/hoe-laat-je-je-elektrotoestellen-langer-meegaan-en-bespaar-je-energie\\\/#breadcrumb\",\"itemListElement\":[{\"@type\":\"ListItem\",\"position\":1,\"name\":\"Home\",\"item\":\"https:\\\/\\\/develop.wp.eggo.agifly.cloud\\\/fr\\\/\"},{\"@type\":\"ListItem\",\"position\":2,\"name\":\"Comment prolonger la dur\u00e9e de vie de vos appareils \u00e9lectrom\u00e9nagers\u00a0?\"}]},{\"@type\":\"WebSite\",\"@id\":\"https:\\\/\\\/develop.wp.eggo.agifly.cloud\\\/fr\\\/#website\",\"url\":\"https:\\\/\\\/develop.wp.eggo.agifly.cloud\\\/fr\\\/\",\"name\":\"\u00e8ggo\",\"description\":\"\",\"publisher\":{\"@id\":\"https:\\\/\\\/develop.wp.eggo.agifly.cloud\\\/fr\\\/#organization\"},\"potentialAction\":[{\"@type\":\"SearchAction\",\"target\":{\"@type\":\"EntryPoint\",\"urlTemplate\":\"https:\\\/\\\/develop.wp.eggo.agifly.cloud\\\/fr\\\/?s={search_term_string}\"},\"query-input\":{\"@type\":\"PropertyValueSpecification\",\"valueRequired\":true,\"valueName\":\"search_term_string\"}}],\"inLanguage\":\"fr-FR\"},{\"@type\":[\"Organization\",\"Place\"],\"@id\":\"https:\\\/\\\/develop.wp.eggo.agifly.cloud\\\/fr\\\/#organization\",\"name\":\"\u00e8ggo\",\"alternateName\":\"eggo\",\"url\":\"https:\\\/\\\/develop.wp.eggo.agifly.cloud\\\/fr\\\/\",\"logo\":{\"@id\":\"https:\\\/\\\/develop.wp.eggo.agifly.cloud\\\/nl\\\/blog\\\/hoe-laat-je-je-elektrotoestellen-langer-meegaan-en-bespaar-je-energie\\\/#local-main-organization-logo\"},\"image\":{\"@id\":\"https:\\\/\\\/develop.wp.eggo.agifly.cloud\\\/nl\\\/blog\\\/hoe-laat-je-je-elektrotoestellen-langer-meegaan-en-bespaar-je-energie\\\/#local-main-organization-logo\"},\"sameAs\":[\"https:\\\/\\\/www.facebook.com\\\/eggokitchen\",\"https:\\\/\\\/www.linkedin.com\\\/company\\\/eggo\\\/\"],\"description\":\"Des cuisines et meubles de rangement de qualit\u00e9 \u00e0 des prix avantageux ! D\u00e9couvrez nos mod\u00e8les et prenez rendez-vous en ligne dans votre showroom \u00e8ggo.\",\"telephone\":[],\"openingHoursSpecification\":[{\"@type\":\"OpeningHoursSpecification\",\"dayOfWeek\":[\"Monday\",\"Tuesday\",\"Wednesday\",\"Thursday\",\"Friday\",\"Saturday\",\"Sunday\"],\"opens\":\"09:00\",\"closes\":\"17:00\"}]},{\"@type\":\"Person\",\"@id\":\"https:\\\/\\\/develop.wp.eggo.agifly.cloud\\\/fr\\\/#\\\/schema\\\/person\\\/aae9f27f724c5b9a4c923893f34f0f6b\",\"name\":\"eggo_dev\",\"image\":{\"@type\":\"ImageObject\",\"inLanguage\":\"fr-FR\",\"@id\":\"https:\\\/\\\/secure.gravatar.com\\\/avatar\\\/bcd415b3cafef8b98a91e4fa49eee6f47f5175896333b1b082adbf6a671a8782?s=96&d=mm&r=g\",\"url\":\"https:\\\/\\\/secure.gravatar.com\\\/avatar\\\/bcd415b3cafef8b98a91e4fa49eee6f47f5175896333b1b082adbf6a671a8782?s=96&d=mm&r=g\",\"contentUrl\":\"https:\\\/\\\/secure.gravatar.com\\\/avatar\\\/bcd415b3cafef8b98a91e4fa49eee6f47f5175896333b1b082adbf6a671a8782?s=96&d=mm&r=g\",\"caption\":\"eggo_dev\"},\"sameAs\":[\"https:\\\/\\\/develop.wp.eggo.agifly.cloud\"],\"url\":\"https:\\\/\\\/develop.wp.eggo.agifly.cloud\\\/fr\\\/author\\\/eggo_dev\\\/\"},{\"@type\":\"ImageObject\",\"inLanguage\":\"fr-FR\",\"@id\":\"https:\\\/\\\/develop.wp.eggo.agifly.cloud\\\/nl\\\/blog\\\/hoe-laat-je-je-elektrotoestellen-langer-meegaan-en-bespaar-je-energie\\\/#local-main-organization-logo\",\"url\":\"https:\\\/\\\/develop.wp.eggo.agifly.cloud\\\/wp-content\\\/uploads\\\/2025\\\/01\\\/Logo.webp\",\"contentUrl\":\"https:\\\/\\\/develop.wp.eggo.agifly.cloud\\\/wp-content\\\/uploads\\\/2025\\\/01\\\/Logo.webp\",\"width\":88,\"height\":88,\"caption\":\"\u00e8ggo\"}]}<\/script>\n<!-- \/ Yoast SEO Premium plugin. -->","yoast_head_json":{"title":"5 conseils pour prolonger la dur\u00e9e de vie de vos \u00e9lectrom\u00e9nagers - Eggo","description":"D\u00e9couvrez comment maximiser la dur\u00e9e de vie de vos appareils \u00e9lectro et faire des \u00e9conomies d\u2019\u00e9nergie avec les conseils \u00e9co-responsables de nos experts.","robots":{"index":"index","follow":"follow","max-snippet":"max-snippet:-1","max-image-preview":"max-image-preview:large","max-video-preview":"max-video-preview:-1"},"canonical":"https:\/\/develop.wp.eggo.agifly.cloud\/fr\/blog\/hoe-laat-je-je-elektrotoestellen-langer-meegaan-en-bespaar-je-energie\/","og_locale":"fr_FR","og_type":"article","og_title":"Comment prolonger la dur\u00e9e de vie de vos appareils \u00e9lectrom\u00e9nagers\u00a0? - Eggo","og_description":"Au quotidien, nous sommes tous d\u00e9pendants de nos appareils \u00e9lectrom\u00e9nagers. Ils sont indispensables pour notre confort de vie. Mais comment prolonger la long\u00e9vit\u00e9 de ces \u00e9quipements\u00a0? Chez \u00e8ggo, nos conseillers s\u2019engagent \u00e0 offrir non seulement des cuisines et des placards de qualit\u00e9 mais \u00e9galement \u00e0 partager leur expertise sur les \u00e9lectrom\u00e9nagers. \u00a0 C\u2019est pourquoi, nous allons parcourir ensemble les trucs et astuces simples pour am\u00e9liorer la dur\u00e9e de vie de votre \u00e9lectrom\u00e9nager. Pour un comportement plus durable et une \u00e9conomie sur votre facture d\u2019\u00e9lectricit\u00e9.","og_url":"https:\/\/develop.wp.eggo.agifly.cloud\/nl\/blog\/hoe-laat-je-je-elektrotoestellen-langer-meegaan-en-bespaar-je-energie\/","og_site_name":"Eggo","article_publisher":"https:\/\/www.facebook.com\/eggokitchen","article_published_time":"2025-03-28T17:03:51+00:00","article_modified_time":"2025-05-19T08:42:08+00:00","og_image":[{"width":737,"height":528,"url":"https:\/\/develop.wp.eggo.agifly.cloud\/wp-content\/uploads\/2025\/03\/Rectangle-330-13-1.png","type":"image\/png"}],"author":"eggo_dev","twitter_card":"summary_large_image","twitter_misc":{"\u00c9crit par":"eggo_dev","Dur\u00e9e de lecture estim\u00e9e":"7 minutes"},"schema":{"@context":"https:\/\/schema.org","@graph":[{"@type":["Article","BlogPosting"],"@id":"https:\/\/develop.wp.eggo.agifly.cloud\/nl\/blog\/hoe-laat-je-je-elektrotoestellen-langer-meegaan-en-bespaar-je-energie\/#article","isPartOf":{"@id":"https:\/\/develop.wp.eggo.agifly.cloud\/fr\/blog\/comment-prolonger-la-duree-de-vie-de-vos-appareils-electromenagers\/"},"author":{"name":"eggo_dev","@id":"https:\/\/develop.wp.eggo.agifly.cloud\/fr\/#\/schema\/person\/aae9f27f724c5b9a4c923893f34f0f6b"},"headline":"Comment prolonger la dur\u00e9e de vie de vos appareils \u00e9lectrom\u00e9nagers\u00a0?","datePublished":"2025-03-28T17:03:51+00:00","dateModified":"2025-05-19T08:42:08+00:00","mainEntityOfPage":{"@id":"https:\/\/develop.wp.eggo.agifly.cloud\/fr\/blog\/comment-prolonger-la-duree-de-vie-de-vos-appareils-electromenagers\/"},"wordCount":1137,"publisher":{"@id":"https:\/\/develop.wp.eggo.agifly.cloud\/fr\/#organization"},"image":{"@id":"https:\/\/develop.wp.eggo.agifly.cloud\/nl\/blog\/hoe-laat-je-je-elektrotoestellen-langer-meegaan-en-bespaar-je-energie\/#primaryimage"},"thumbnailUrl":"https:\/\/develop.wp.eggo.agifly.cloud\/wp-content\/uploads\/2025\/03\/Rectangle-330-13-1.webp","articleSection":["Astuce"],"inLanguage":"fr-FR","copyrightYear":"2025","copyrightHolder":{"@id":"https:\/\/develop.wp.eggo.agifly.cloud\/#organization"}},{"@type":"WebPage","@id":"https:\/\/develop.wp.eggo.agifly.cloud\/fr\/blog\/comment-prolonger-la-duree-de-vie-de-vos-appareils-electromenagers\/","url":"https:\/\/develop.wp.eggo.agifly.cloud\/nl\/blog\/hoe-laat-je-je-elektrotoestellen-langer-meegaan-en-bespaar-je-energie\/","name":"5 conseils pour prolonger la dur\u00e9e de vie de vos \u00e9lectrom\u00e9nagers - Eggo","isPartOf":{"@id":"https:\/\/develop.wp.eggo.agifly.cloud\/fr\/#website"},"primaryImageOfPage":{"@id":"https:\/\/develop.wp.eggo.agifly.cloud\/nl\/blog\/hoe-laat-je-je-elektrotoestellen-langer-meegaan-en-bespaar-je-energie\/#primaryimage"},"image":{"@id":"https:\/\/develop.wp.eggo.agifly.cloud\/nl\/blog\/hoe-laat-je-je-elektrotoestellen-langer-meegaan-en-bespaar-je-energie\/#primaryimage"},"thumbnailUrl":"https:\/\/develop.wp.eggo.agifly.cloud\/wp-content\/uploads\/2025\/03\/Rectangle-330-13-1.webp","datePublished":"2025-03-28T17:03:51+00:00","dateModified":"2025-05-19T08:42:08+00:00","description":"D\u00e9couvrez comment maximiser la dur\u00e9e de vie de vos appareils \u00e9lectro et faire des \u00e9conomies d\u2019\u00e9nergie avec les conseils \u00e9co-responsables de nos experts.","breadcrumb":{"@id":"https:\/\/develop.wp.eggo.agifly.cloud\/nl\/blog\/hoe-laat-je-je-elektrotoestellen-langer-meegaan-en-bespaar-je-energie\/#breadcrumb"},"inLanguage":"fr-FR","potentialAction":[{"@type":"ReadAction","target":["https:\/\/develop.wp.eggo.agifly.cloud\/nl\/blog\/hoe-laat-je-je-elektrotoestellen-langer-meegaan-en-bespaar-je-energie\/"]}]},{"@type":"ImageObject","inLanguage":"fr-FR","@id":"https:\/\/develop.wp.eggo.agifly.cloud\/nl\/blog\/hoe-laat-je-je-elektrotoestellen-langer-meegaan-en-bespaar-je-energie\/#primaryimage","url":"https:\/\/develop.wp.eggo.agifly.cloud\/wp-content\/uploads\/2025\/03\/Rectangle-330-13-1.webp","contentUrl":"https:\/\/develop.wp.eggo.agifly.cloud\/wp-content\/uploads\/2025\/03\/Rectangle-330-13-1.webp","width":737,"height":528,"caption":"Un bocal en verre rempli de pi\u00e8ces de monnaie avec une plante verte poussant au-dessus, entour\u00e9 de piles de pi\u00e8ces sur un fond flou vert."},{"@type":"BreadcrumbList","@id":"https:\/\/develop.wp.eggo.agifly.cloud\/nl\/blog\/hoe-laat-je-je-elektrotoestellen-langer-meegaan-en-bespaar-je-energie\/#breadcrumb","itemListElement":[{"@type":"ListItem","position":1,"name":"Home","item":"https:\/\/develop.wp.eggo.agifly.cloud\/fr\/"},{"@type":"ListItem","position":2,"name":"Comment prolonger la dur\u00e9e de vie de vos appareils \u00e9lectrom\u00e9nagers\u00a0?"}]},{"@type":"WebSite","@id":"https:\/\/develop.wp.eggo.agifly.cloud\/fr\/#website","url":"https:\/\/develop.wp.eggo.agifly.cloud\/fr\/","name":"\u00e8ggo","description":"","publisher":{"@id":"https:\/\/develop.wp.eggo.agifly.cloud\/fr\/#organization"},"potentialAction":[{"@type":"SearchAction","target":{"@type":"EntryPoint","urlTemplate":"https:\/\/develop.wp.eggo.agifly.cloud\/fr\/?s={search_term_string}"},"query-input":{"@type":"PropertyValueSpecification","valueRequired":true,"valueName":"search_term_string"}}],"inLanguage":"fr-FR"},{"@type":["Organization","Place"],"@id":"https:\/\/develop.wp.eggo.agifly.cloud\/fr\/#organization","name":"\u00e8ggo","alternateName":"eggo","url":"https:\/\/develop.wp.eggo.agifly.cloud\/fr\/","logo":{"@id":"https:\/\/develop.wp.eggo.agifly.cloud\/nl\/blog\/hoe-laat-je-je-elektrotoestellen-langer-meegaan-en-bespaar-je-energie\/#local-main-organization-logo"},"image":{"@id":"https:\/\/develop.wp.eggo.agifly.cloud\/nl\/blog\/hoe-laat-je-je-elektrotoestellen-langer-meegaan-en-bespaar-je-energie\/#local-main-organization-logo"},"sameAs":["https:\/\/www.facebook.com\/eggokitchen","https:\/\/www.linkedin.com\/company\/eggo\/"],"description":"Des cuisines et meubles de rangement de qualit\u00e9 \u00e0 des prix avantageux ! D\u00e9couvrez nos mod\u00e8les et prenez rendez-vous en ligne dans votre showroom \u00e8ggo.","telephone":[],"openingHoursSpecification":[{"@type":"OpeningHoursSpecification","dayOfWeek":["Monday","Tuesday","Wednesday","Thursday","Friday","Saturday","Sunday"],"opens":"09:00","closes":"17:00"}]},{"@type":"Person","@id":"https:\/\/develop.wp.eggo.agifly.cloud\/fr\/#\/schema\/person\/aae9f27f724c5b9a4c923893f34f0f6b","name":"eggo_dev","image":{"@type":"ImageObject","inLanguage":"fr-FR","@id":"https:\/\/secure.gravatar.com\/avatar\/bcd415b3cafef8b98a91e4fa49eee6f47f5175896333b1b082adbf6a671a8782?s=96&d=mm&r=g","url":"https:\/\/secure.gravatar.com\/avatar\/bcd415b3cafef8b98a91e4fa49eee6f47f5175896333b1b082adbf6a671a8782?s=96&d=mm&r=g","contentUrl":"https:\/\/secure.gravatar.com\/avatar\/bcd415b3cafef8b98a91e4fa49eee6f47f5175896333b1b082adbf6a671a8782?s=96&d=mm&r=g","caption":"eggo_dev"},"sameAs":["https:\/\/develop.wp.eggo.agifly.cloud"],"url":"https:\/\/develop.wp.eggo.agifly.cloud\/fr\/author\/eggo_dev\/"},{"@type":"ImageObject","inLanguage":"fr-FR","@id":"https:\/\/develop.wp.eggo.agifly.cloud\/nl\/blog\/hoe-laat-je-je-elektrotoestellen-langer-meegaan-en-bespaar-je-energie\/#local-main-organization-logo","url":"https:\/\/develop.wp.eggo.agifly.cloud\/wp-content\/uploads\/2025\/01\/Logo.webp","contentUrl":"https:\/\/develop.wp.eggo.agifly.cloud\/wp-content\/uploads\/2025\/01\/Logo.webp","width":88,"height":88,"caption":"\u00e8ggo"}]}},"meta_box":{"promotion_toggle":"0","small_featured_promotion_toggle":"0","promotion_icon":[],"promotion_description":"","promotion_period":"","promotion_link":"","promotion_bg_color":"#ffffff","promotion_text_color":"#fe5000","read_more_content":"<h4>Nettoyer les joints d\u2019\u00e9tanch\u00e9it\u00e9<\/h4>\n<p>Voici quelques \u00e9tapes \u00e0 suivre pour un nettoyage efficace :<\/p>\n<ul>\n<li>Utilisez une brosse \u00e0 dent souple<\/li>\n<li>Pr\u00e9parez une solution de nettoyage compos\u00e9e de vinaigre blanc et d\u2019eau ti\u00e8de<\/li>\n<li>Nettoyez le joint avec un chiffon doux<\/li>\n<li>S\u00e9chez le joint correctement pour ne pas laisser de traces humides<\/li>\n<\/ul>\n<h4>Organiser vos aliments<\/h4>\n<p>Pour plus d\u2019infos, voici comment r\u00e9partir vos aliments dans votre frigo\u00a0:<\/p>\n<ul>\n<li>La zone la plus humide\u00a0: Situ\u00e9e tout en bas du frigo, c\u2019est l\u2019emplacement parfait pour conserver vos fruits et l\u00e9gumes frais.<\/li>\n<li>La zone la plus froide\u00a0: Situ\u00e9e au-dessus du bac \u00e0 l\u00e9gumes, c\u2019est l\u00e0 que la temp\u00e9rature est la plus basse g\u00e9n\u00e9ralement entre 0\u00b0 et 4\u00b0C. C\u2019est l\u2019endroit id\u00e9al pour conserver vos viandes et vos poissons.<\/li>\n<li>La zone fra\u00eeche\u00a0: Situ\u00e9e au milieu du frigo, la temp\u00e9rature varie entre 4\u00b0 et 6\u00b0C. Vous pouvez y conserver vos produits laitiers comme le lait, le fromage et les yaourts.<\/li>\n<li>La zone temp\u00e9r\u00e9e\u00a0: Situ\u00e9e en haut du frigo, vos aliments cuits, vos p\u00e2tisseries et vos plats pr\u00e9par\u00e9s y trouveront leur place pour assurer leur bonne conservation. La temp\u00e9rature y est g\u00e9n\u00e9ralement entre 6\u00b0 et 10\u00b0C.<\/li>\n<\/ul>\n<h4>\u00c9conomiser de l\u2019\u00e9nergie<\/h4>\n<p>L\u2019utilisation judicieuse de la fonction de d\u00e9part diff\u00e9r\u00e9 et des modes \u00e9co de votre lave-vaisselle vous permet de r\u00e9duire votre facture d\u2019\u00e9lectricit\u00e9.<\/p>\n<ul>\n<li>Fonction de d\u00e9part diff\u00e9r\u00e9\u00a0: elle vous permet de programmer votre lave-vaisselle afin qu\u2019il d\u00e9marre \u00e0 une heure o\u00f9 les tarifs d\u2019\u00e9lectricit\u00e9 sont plus bas, c\u2019est-\u00e0-dire durant la nuit ou le week-end.<\/li>\n<li>Modes \u00e9co\u00a0: ces programmes sont con\u00e7us pour minimiser l\u2019utilisation de l\u2019eau et de l\u2019\u00e9nergie tout en garantissant une propret\u00e9 impeccable de votre service de table.<\/li>\n<\/ul>\n<h4>Entretenez la hotte de votre cuisine<\/h4>\n<p>La <a href=\"\/cuisines\/electromenager\/\">hotte<\/a> est souvent oubli\u00e9e lors du nettoyage de la cuisine. Pourtant, celle-ci est indispensable pour \u00e9viter les odeurs et l\u2019humidit\u00e9. Pour r\u00e9aliser un nettoyage efficace, quelques gestes simples peuvent suffire.<\/p>\n<h3>Gardez vos taques de cuisson en parfait \u00e9tat<\/h3>\n<p>Vos <a href=\"\/cuisines\/electromenager\/\">taques de cuissons<\/a> sont sollicit\u00e9es au quotidien. Elles sont le v\u00e9ritable centre d\u2019activit\u00e9 de votre cuisine et m\u00e9ritent une attention particuli\u00e8re. Il en va de soi que leur entretien est une \u00e9tape non n\u00e9gligeable.<\/p>\n<h4>Ma\u00eetrise de la puissance<\/h4>\n<p>L\u2019utilisation intelligente de la puissance de vos taques de cuisson permet non seulement d\u2019optimiser la cuisson de vos aliments, mais aussi d\u2019\u00e9conomiser de l\u2019\u00e9nergie. En effet, il n\u2019est pas toujours n\u00e9cessaire de laisser votre plaque de cuisson sur une puissance \u00e9lev\u00e9e. Une fois la temp\u00e9rature souhait\u00e9e atteinte, vous pouvez la r\u00e9duire pour en conserver la chaleur.<\/p>\n<h4>Entretien adapt\u00e9 au type de taques<\/h4>\n<p>Chaque type de taques de cuisson, qu\u2019elles soient en vitroc\u00e9ramique, \u00e0 induction ou \u00e9lectriques, n\u00e9cessite un nettoyage sp\u00e9cifique. En respectant ces exigences, vous pouvez prolonger consid\u00e9rablement leur dur\u00e9e de vie.<\/p>\n<ul>\n<li>Vitroc\u00e9ramique\u00a0: nettoyez avec un grattoir et un produit adapt\u00e9 et ce, lorsque la chaleur r\u00e9siduelle est toujours pr\u00e9sente (jamais \u00e0 froid).<\/li>\n<li>Induction\u00a0: plus besoin de grattoir mais un produit adapt\u00e9 est toujours indispensable. Pour ce type de taque, vous devez le faire \u00e0 froid.<\/li>\n<li>\u00c9lectrique\u00a0: frotter simplement avec une lingette humide peut suffire. Il existe cependant des produits adapt\u00e9s que vous pouvez utiliser si vous le souhaitez.<\/li>\n<\/ul>\n"},"_links":{"self":[{"href":"https:\/\/develop.wp.eggo.agifly.cloud\/fr\/wp-json\/wp\/v2\/posts\/11530","targetHints":{"allow":["GET"]}}],"collection":[{"href":"https:\/\/develop.wp.eggo.agifly.cloud\/fr\/wp-json\/wp\/v2\/posts"}],"about":[{"href":"https:\/\/develop.wp.eggo.agifly.cloud\/fr\/wp-json\/wp\/v2\/types\/post"}],"author":[{"embeddable":true,"href":"https:\/\/develop.wp.eggo.agifly.cloud\/fr\/wp-json\/wp\/v2\/users\/1"}],"replies":[{"embeddable":true,"href":"https:\/\/develop.wp.eggo.agifly.cloud\/fr\/wp-json\/wp\/v2\/comments?post=11530"}],"version-history":[{"count":0,"href":"https:\/\/develop.wp.eggo.agifly.cloud\/fr\/wp-json\/wp\/v2\/posts\/11530\/revisions"}],"wp:featuredmedia":[{"embeddable":true,"href":"https:\/\/develop.wp.eggo.agifly.cloud\/fr\/wp-json\/wp\/v2\/media\/12127"}],"wp:attachment":[{"href":"https:\/\/develop.wp.eggo.agifly.cloud\/fr\/wp-json\/wp\/v2\/media?parent=11530"}],"wp:term":[{"taxonomy":"category","embeddable":true,"href":"https:\/\/develop.wp.eggo.agifly.cloud\/fr\/wp-json\/wp\/v2\/categories?post=11530"},{"taxonomy":"post_tag","embeddable":true,"href":"https:\/\/develop.wp.eggo.agifly.cloud\/fr\/wp-json\/wp\/v2\/tags?post=11530"}],"curies":[{"name":"wp","href":"https:\/\/api.w.org\/{rel}","templated":true}]}}